{"id":1776,"date":"2021-10-19T17:33:40","date_gmt":"2021-10-19T20:33:40","guid":{"rendered":"https:\/\/galdinosantos.com.br\/site\/?p=1776"},"modified":"2024-03-25T19:03:19","modified_gmt":"2024-03-25T22:03:19","slug":"os-requisitos-legais-do-vinculo-de-emprego","status":"publish","type":"post","link":"https:\/\/galdinosantos.com.br\/site\/os-requisitos-legais-do-vinculo-de-emprego\/","title":{"rendered":"Requisitos legais do v\u00ednculo de emprego, voc\u00ea sabe quais s\u00e3o?"},"content":{"rendered":"<p>&nbsp;<\/p>\n<p>Por todo o Brasil trabalhadores que prestam servi\u00e7os sem carteira assinada buscam o judici\u00e1rio para que seja reconhecido o v\u00ednculo de emprego pois somente com o reconhecimento do v\u00ednculo esses trabalhadores far\u00e3o jus as verbas trabalhistas previstas na CLT, assim como, aos programas de seguro desemprego e FGTS garantido apenas aos empregados celetistas.<br \/>\nPor\u00e9m nem todos os trabalhadores sabem quais s\u00e3o os requisitos legais que precisam estar presentes na rela\u00e7\u00e3o de trabalho para que seja reconhecido o v\u00ednculo de emprego, tampouco, sabem que esses requisitos s\u00e3o cumulativos, ou seja, todos precisam estar presentes e serem robustamente provados.<\/p>\n<p>Vamos esclarecer aqui quais s\u00e3o esses\u00a0 requisitos legais do v\u00ednculo de emprego,\u00a0 que est\u00e3o previstos no artigo 3\u00ba da CLT, que assim disp\u00f5e: \u201cConsidera-se empregado toda pessoa f\u00edsica que prestar servi\u00e7os de natureza n\u00e3o eventual a empregador, sob a depend\u00eancia deste e mediante sal\u00e1rio.\u201d<\/p>\n<p>Vamos entender os requisitos legais?<\/p>\n<p>Pessoalidade significa que o empregado e somente ele pode prestar o servi\u00e7o contratado, n\u00e3o pode se fazer substituir, ou seja, n\u00e3o pode enviar algu\u00e9m no seu lugar.<br \/>\nA n\u00e3o eventualidade significa que o servi\u00e7o deve ser prestado de forma habitual, ou seja, de forma continua o que configura-se pela continuidade da presta\u00e7\u00e3o dos servi\u00e7os e n\u00e3o se o servi\u00e7o foi prestado de segunda a sexta, duas vezes por semana ou dia sim dia n\u00e3o.<\/p>\n<p>Somente na rela\u00e7\u00e3o de emprego no \u00e2mbito dom\u00e9stico h\u00e1 previs\u00e3o legal que para a caracteriza\u00e7\u00e3o do v\u00ednculo de emprego o trabalho deve ser prestado por mais de dois dias por semana (artigo 1\u00ba da Lei 150\/2015).<br \/>\nA onerosidade caracteriza-se pela remunera\u00e7\u00e3o recebida pelo empregado em raz\u00e3o do servi\u00e7o prestado \u00e9 a contrapresta\u00e7\u00e3o pelo trabalho prestado.<\/p>\n<p>J\u00e1 a subordina\u00e7\u00e3o, imp\u00f5e que o prestador de servi\u00e7os deve estar submetido a um estado de depend\u00eancia, sob ordens do empregador, que det\u00e9m poder diretivo, disciplinar, fiscalizat\u00f3rio e regulador das atividades prestadas.<br \/>\nVale lembrar que os requisitos s\u00e3o cumulativos, ou seja, todos precisam estar presentes para que seja reconhecido o v\u00ednculo de emprego.<\/p>\n<p>E a\u00ed voc\u00ea tem uma rela\u00e7\u00e3o de emprego ou uma rela\u00e7\u00e3o de trabalho?<\/p>\n<p>Ainda tem d\u00favidas sobre requisitos legais do v\u00ednculo de emprego? Estamos \u00e0 disposi\u00e7\u00e3o para esclarece-las, fale com a Dra Eliane, <a href=\"https:\/\/api.whatsapp.com\/send?phone=5519984205540\"><b>clicando aqui.<\/b><\/a><\/p>\n<p>Fique atento!<\/p>\n<p>&nbsp;<\/p>\n<p>LEIA TAMB\u00c9M:<\/p>\n<p><a href=\"https:\/\/galdinosantos.com.br\/site\/qual-a-diferenca-entre-relacao-de-emprego-e-relacao-de-trabalho\/\">Qual a diferen\u00e7a entre rela\u00e7\u00e3o de emprego e rela\u00e7\u00e3o de trabalho?<\/a><\/p>\n<p><a href=\"https:\/\/galdinosantos.com.br\/site\/empregado-nao-pode-ser-contratado-como-pessoa-juridica\/\">Empregado n\u00e3o pode ser contratado como pessoa jur\u00eddica<\/a><\/p>\n","protected":false},"excerpt":{"rendered":"<p>&nbsp; Por todo o Brasil trabalhadores que prestam servi\u00e7os sem carteira assinada buscam o judici\u00e1rio para que seja reconhecido o v\u00ednculo de emprego pois somente com o reconhecimento do v\u00ednculo esses trabalhadores far\u00e3o jus as verbas trabalhistas previstas na CLT, assim como, aos programas de seguro desemprego e FGTS garantido apenas aos empregados celetistas. Por\u00e9m [&hellip;]<\/p>\n","protected":false},"author":1,"featured_media":1778,"comment_status":"open","ping_status":"open","sticky":false,"template":"","format":"standard","meta":{"_et_pb_use_builder":"","_et_pb_old_content":"","_et_gb_content_width":"","om_disable_all_campaigns":false,"_monsterinsights_skip_tracking":false,"_monsterinsights_sitenote_active":false,"_monsterinsights_sitenote_note":"","_monsterinsights_sitenote_category":0,"footnotes":""},"categories":[1],"tags":[],"class_list":["post-1776","post","type-post","status-publish","format-standard","has-post-thumbnail","hentry","category-noticias"],"aioseo_notices":[],"_links":{"self":[{"href":"https:\/\/galdinosantos.com.br\/site\/wp-json\/wp\/v2\/posts\/1776","targetHints":{"allow":["GET"]}}],"collection":[{"href":"https:\/\/galdinosantos.com.br\/site\/wp-json\/wp\/v2\/posts"}],"about":[{"href":"https:\/\/galdinosantos.com.br\/site\/wp-json\/wp\/v2\/types\/post"}],"author":[{"embeddable":true,"href":"https:\/\/galdinosantos.com.br\/site\/wp-json\/wp\/v2\/users\/1"}],"replies":[{"embeddable":true,"href":"https:\/\/galdinosantos.com.br\/site\/wp-json\/wp\/v2\/comments?post=1776"}],"version-history":[{"count":1,"href":"https:\/\/galdinosantos.com.br\/site\/wp-json\/wp\/v2\/posts\/1776\/revisions"}],"predecessor-version":[{"id":1779,"href":"https:\/\/galdinosantos.com.br\/site\/wp-json\/wp\/v2\/posts\/1776\/revisions\/1779"}],"wp:featuredmedia":[{"embeddable":true,"href":"https:\/\/galdinosantos.com.br\/site\/wp-json\/wp\/v2\/media\/1778"}],"wp:attachment":[{"href":"https:\/\/galdinosantos.com.br\/site\/wp-json\/wp\/v2\/media?parent=1776"}],"wp:term":[{"taxonomy":"category","embeddable":true,"href":"https:\/\/galdinosantos.com.br\/site\/wp-json\/wp\/v2\/categories?post=1776"},{"taxonomy":"post_tag","embeddable":true,"href":"https:\/\/galdinosantos.com.br\/site\/wp-json\/wp\/v2\/tags?post=1776"}],"curies":[{"name":"wp","href":"https:\/\/api.w.org\/{rel}","templated":true}]}}