{"id":1738,"date":"2021-05-25T16:24:11","date_gmt":"2021-05-25T19:24:11","guid":{"rendered":"https:\/\/galdinosantos.com.br\/site\/?p=1738"},"modified":"2021-05-25T16:24:11","modified_gmt":"2021-05-25T19:24:11","slug":"o-que-fazer-quando-a-empresa-atrasa-o-seu-salario","status":"publish","type":"post","link":"https:\/\/galdinosantos.com.br\/site\/o-que-fazer-quando-a-empresa-atrasa-o-seu-salario\/","title":{"rendered":"O que fazer quando a empresa atrasa o seu sal\u00e1rio?"},"content":{"rendered":"<p>&nbsp;<\/p>\n<p><b><i>Voc\u00ea sabe o que fazer quando a empresa atrasa o seu sal\u00e1rio? Separamos informa\u00e7\u00f5es importantes para voc\u00ea saber o que fazer nestas situa\u00e7\u00f5es<\/i><\/b><\/p>\n<p>&nbsp;<\/p>\n<p><span style=\"font-weight: 400;\">A pandemia tem sujeitado as empresas a dificuldades financeiras sem precedentes o que tem refletido no atraso do pagamento dos sal\u00e1rios dos empregados e at\u00e9 na falta de pagamento dos sal\u00e1rios.<\/span><\/p>\n<p><span style=\"font-weight: 400;\">Em que pese a dificuldade financeira das empresas seja incontest\u00e1vel, sob a \u00f3tica do direito do trabalho, inexiste justificativa para o pagamento atrasado do sal\u00e1rio tampouco para a falta de pagamento do sal\u00e1rio.<\/span><\/p>\n<p><span style=\"font-weight: 400;\">Conforme o art. 459 da CLT, os empregadores devem efetuar o pagamento do sal\u00e1rio mensal do empregado at\u00e9 o 5\u00ba dia \u00fatil do m\u00eas posterior ao trabalhado.\u00a0<\/span><\/p>\n<p><span style=\"font-weight: 400;\">Para determinar a incid\u00eancia da corre\u00e7\u00e3o monet\u00e1ria, a Justi\u00e7a apoia-se na s\u00famula 381 do TST, que prev\u00ea que o sal\u00e1rio atrasado deve ser pago com corre\u00e7\u00e3o monet\u00e1ria, uma vez que a CLT n\u00e3o prev\u00ea a incid\u00eancia de atualiza\u00e7\u00e3o do sal\u00e1rio pago atrasado, mas t\u00e3o somente data de vencimento para o pagamento do sal\u00e1rio.<\/span><\/p>\n<p><span style=\"font-weight: 400;\">Mas, s\u00famula n\u00e3o \u00e9 lei. Portanto, o judici\u00e1rio pode entender que o empregador n\u00e3o tem obriga\u00e7\u00e3o legal de pagar o sal\u00e1rio atrasado corrigido monetariamente.<\/span><\/p>\n<p><span style=\"font-weight: 400;\">Se houver previs\u00e3o em acordo ou conven\u00e7\u00e3o coletiva poder\u00e1 ser determinada a incid\u00eancia de multa nos termos do instrumento normativo.<\/span><\/p>\n<p><span style=\"font-weight: 400;\">Busque conhecer o teor do instrumento normativo da sua categoria!<\/span><\/p>\n<p><span style=\"font-weight: 400;\">Outra consequ\u00eancia legal em caso de atraso no pagamento do sal\u00e1rio \u00e9<\/span><b> a possibilidade da rescis\u00e3o indireta do contrato de trabalho<\/b><span style=\"font-weight: 400;\">, ou seja, justa causa do empregador.<\/span><\/p>\n<p><span style=\"font-weight: 400;\">Tamb\u00e9m poder\u00e1 responder o empregador por danos morais e materiais quando <\/span><span style=\"font-weight: 400;\">em decorr\u00eancia do atraso salarial <\/span><span style=\"font-weight: 400;\">o empregado atrasar o pagamento de suas contas pessoais, pagar juros, ser sujeito a constrangimento moral e at\u00e9 ter seu CPF <\/span><span style=\"font-weight: 400;\">negativado em \u00f3rg\u00e3os SCPC ou Serasa, entre outros danos.<\/span><\/p>\n<p><span style=\"font-weight: 400;\">Saliente-se que o dano moral e material deve ser comprovado pelo empregado e a responsabiliza\u00e7\u00e3o da empresa depende das provas e do entendimento do judici\u00e1rio no caso concreto.<\/span><\/p>\n<p><span style=\"font-weight: 400;\">Como o melhor caminho para a solu\u00e7\u00e3o dos conflitos \u00e9 o di\u00e1logo, se seu sal\u00e1rio est\u00e1 atrasado tente o di\u00e1logo para regularizar essa situa\u00e7\u00e3o e assim evitar os danos para ambas as partes.<\/span><\/p>\n<p><span style=\"font-weight: 400;\">Fique atento e conhe\u00e7a seus direitos e obriga\u00e7\u00f5es.<\/span><\/p>\n<p>&nbsp;<\/p>\n<p><span style=\"font-weight: 400;\">LEIA TAMB\u00c9M: <\/span><a href=\"https:\/\/galdinosantos.com.br\/site\/tudo-sobre-a-reducao-de-jornada-salario-e-suspensacao-temporaria-do-contrato-de-trabalho\/\"><span style=\"font-weight: 400;\">TUDO SOBRE A REDU\u00c7\u00c3O DE JORNADA SAL\u00c1RIO E SUSPENSA\u00c7\u00c3O TEMPOR\u00c1RIA DO CONTRATO DE TRABALHO<\/span><\/a><\/p>\n","protected":false},"excerpt":{"rendered":"<p>&nbsp; Voc\u00ea sabe o que fazer quando a empresa atrasa o seu sal\u00e1rio? Separamos informa\u00e7\u00f5es importantes para voc\u00ea saber o que fazer nestas situa\u00e7\u00f5es &nbsp; A pandemia tem sujeitado as empresas a dificuldades financeiras sem precedentes o que tem refletido no atraso do pagamento dos sal\u00e1rios dos empregados e at\u00e9 na falta de pagamento dos [&hellip;]<\/p>\n","protected":false},"author":1,"featured_media":1739,"comment_status":"open","ping_status":"open","sticky":false,"template":"","format":"standard","meta":{"_et_pb_use_builder":"","_et_pb_old_content":"","_et_gb_content_width":"","om_disable_all_campaigns":false,"_monsterinsights_skip_tracking":false,"_monsterinsights_sitenote_active":false,"_monsterinsights_sitenote_note":"","_monsterinsights_sitenote_category":0,"footnotes":""},"categories":[1],"tags":[],"class_list":["post-1738","post","type-post","status-publish","format-standard","has-post-thumbnail","hentry","category-noticias"],"aioseo_notices":[],"_links":{"self":[{"href":"https:\/\/galdinosantos.com.br\/site\/wp-json\/wp\/v2\/posts\/1738","targetHints":{"allow":["GET"]}}],"collection":[{"href":"https:\/\/galdinosantos.com.br\/site\/wp-json\/wp\/v2\/posts"}],"about":[{"href":"https:\/\/galdinosantos.com.br\/site\/wp-json\/wp\/v2\/types\/post"}],"author":[{"embeddable":true,"href":"https:\/\/galdinosantos.com.br\/site\/wp-json\/wp\/v2\/users\/1"}],"replies":[{"embeddable":true,"href":"https:\/\/galdinosantos.com.br\/site\/wp-json\/wp\/v2\/comments?post=1738"}],"version-history":[{"count":1,"href":"https:\/\/galdinosantos.com.br\/site\/wp-json\/wp\/v2\/posts\/1738\/revisions"}],"predecessor-version":[{"id":1740,"href":"https:\/\/galdinosantos.com.br\/site\/wp-json\/wp\/v2\/posts\/1738\/revisions\/1740"}],"wp:featuredmedia":[{"embeddable":true,"href":"https:\/\/galdinosantos.com.br\/site\/wp-json\/wp\/v2\/media\/1739"}],"wp:attachment":[{"href":"https:\/\/galdinosantos.com.br\/site\/wp-json\/wp\/v2\/media?parent=1738"}],"wp:term":[{"taxonomy":"category","embeddable":true,"href":"https:\/\/galdinosantos.com.br\/site\/wp-json\/wp\/v2\/categories?post=1738"},{"taxonomy":"post_tag","embeddable":true,"href":"https:\/\/galdinosantos.com.br\/site\/wp-json\/wp\/v2\/tags?post=1738"}],"curies":[{"name":"wp","href":"https:\/\/api.w.org\/{rel}","templated":true}]}}