{"id":1481,"date":"2021-04-28T10:53:53","date_gmt":"2021-04-28T13:53:53","guid":{"rendered":"https:\/\/galdinosantos.com.br\/site\/?p=1481"},"modified":"2021-04-28T10:53:53","modified_gmt":"2021-04-28T13:53:53","slug":"qual-a-diferenca-entre-relacao-de-emprego-e-relacao-de-trabalho","status":"publish","type":"post","link":"https:\/\/galdinosantos.com.br\/site\/qual-a-diferenca-entre-relacao-de-emprego-e-relacao-de-trabalho\/","title":{"rendered":"Qual a diferen\u00e7a entre rela\u00e7\u00e3o de emprego  e rela\u00e7\u00e3o de trabalho?"},"content":{"rendered":"<p>&nbsp;<\/p>\n<p><b>VOC\u00ca TEM UMA RELA\u00c7\u00c3O DE EMPREGO OU UMA RELA\u00c7\u00c3O DE TRABALHO?<\/b><\/p>\n<p>&nbsp;<\/p>\n<p><span style=\"font-weight: 400;\">\u00c9 comum o trabalhador n\u00e3o saber distinguir a rela\u00e7\u00e3o de emprego da rela\u00e7\u00e3o de trabalho, dada a similaridade das duas figuras, por\u00e9m<\/span><span style=\"font-weight: 400;\">, <\/span><b>s\u00e3o rela\u00e7\u00f5es diferentes<\/b><span style=\"font-weight: 400;\"> e c<\/span><span style=\"font-weight: 400;\">ompreender a diferen\u00e7a entre esses dois termos \u00e9 fundamental pois somente as rela\u00e7\u00f5es de emprego s\u00e3o regidas pela CLT.<\/span><\/p>\n<p>&nbsp;<\/p>\n<p><span style=\"font-weight: 400;\">Existe ainda rela\u00e7\u00e3o de emprego n\u00e3o regida pela CLT, mas sim por estatuto, \u00e9 o caso dos estatut\u00e1rios, <\/span><span style=\"font-weight: 400;\">funcion\u00e1rios p\u00fablicos.<\/span><\/p>\n<p>&nbsp;<\/p>\n<p><b><i>\u00c9 preciso entender que toda <\/i><\/b><b><i>rela\u00e7\u00e3o de emprego, sempre, \u00e9 rela\u00e7\u00e3o de trabalho; mas, nem toda rela\u00e7\u00e3o de trabalho \u00e9 rela\u00e7\u00e3o de emprego.<\/i><\/b><\/p>\n<p><span style=\"font-weight: 400;\">Para facilitar a compreens\u00e3o, j\u00e1 adianto se voc\u00ea \u00e9 um trabalhador com carteira assinada, t\u00edpico trabalhador celetista ou se voc\u00ea \u00e9 servidor p\u00fablico voc\u00ea tem uma rela\u00e7\u00e3o de emprego.<\/span><\/p>\n<p><span style=\"font-weight: 400;\">Claro que voc\u00ea pode n\u00e3o ter a carteira assinada e ter uma rela\u00e7\u00e3o de emprego, se preencher todos os requisitos legais previstos no artigo 3\u00ba da CLT, quais sejam, pessoalidade, habitualidade, subordina\u00e7\u00e3o e onerosidade, nesse caso pode ter que recorrer \u00e0 justi\u00e7a do trabalho para ter essa rela\u00e7\u00e3o de emprego reconhecida e a carteira de trabalho devidamente anotada. Fique atento!<\/span><\/p>\n<p><span style=\"font-weight: 400;\">Ausente qualquer um dos requisitos do art. 3\u00ba da CLT teremos uma rela\u00e7\u00e3o de trabalho, ou seja, uma rela\u00e7\u00e3o de presta\u00e7\u00e3o de servi\u00e7o, remunerada ou n\u00e3o, <\/span><span style=\"font-weight: 400;\">consubstanciada em trabalho humano.<\/span><\/p>\n<p><span style=\"font-weight: 400;\">Portanto, a rela\u00e7\u00e3o de trabalho <\/span><span style=\"font-weight: 400;\">nada mais \u00e9 do que as formas de v\u00ednculo que uma pessoa f\u00edsica ou jur\u00eddica pode utilizar para contratar os servi\u00e7os de algu\u00e9m e nossa legisla\u00e7\u00e3o prev\u00ea v\u00e1rios tipos de rela\u00e7\u00e3o de trabalho.<\/span><\/p>\n<p><span style=\"font-weight: 400;\">S\u00e3o exemplo de rela\u00e7\u00e3o de trabalho, a presta\u00e7\u00e3o de servi\u00e7o por trabalhador <\/span><b>aut\u00f4nomo<\/b><span style=\"font-weight: 400;\">, <\/span><b>estagi\u00e1rio profissional, freelancer, eventual, volunt\u00e1rio, avulso, profissionais liberais (advogado, m\u00e9dico, dentista, engenheiro, etc), diarista<\/b><span style=\"font-weight: 400;\">, entre outros.<\/span><\/p>\n<p><span style=\"font-weight: 400;\">Importante lembrar que tanto a rela\u00e7\u00e3o de emprego como a rela\u00e7\u00e3o de trabalho recebem prote\u00e7\u00e3o legal, sendo a Justi\u00e7a do trabalho a justi\u00e7a competente para julgar eventual viola\u00e7\u00e3o de direito desses trabalhadores, empregado ou n\u00e3o.<\/span><\/p>\n<p><span style=\"font-weight: 400;\">Agora que voc\u00ea entendeu a diferen\u00e7a entre rela\u00e7\u00e3o de trabalho e rela\u00e7\u00e3o de emprego, procure entender qual a legisla\u00e7\u00e3o aplic\u00e1vel ao seu caso, conhe\u00e7a seus direitos e deveres.<\/span><\/p>\n<p><span style=\"font-weight: 400;\">Fique atento!<\/span><\/p>\n<p>&nbsp;<\/p>\n<p><span style=\"font-weight: 400;\">Possui d\u00favidas trabalhistas? Fale com a Dra Eliane no Whatsapp, <\/span><a href=\"https:\/\/api.whatsapp.com\/send?phone=5519984205540\"><span style=\"font-weight: 400;\">clique aqui.\u00a0<\/span><\/a><\/p>\n<p>&nbsp;<\/p>\n<p><b>LEIA TAMB\u00c9M:\u00a0 <\/b><a href=\"https:\/\/galdinosantos.com.br\/site\/o-trabalhador-pode-receber-menos-que-um-salario-minimo\/\"><b>O trabalhador pode receber menos que um sal\u00e1rio m\u00ednimo?<\/b><\/a><\/p>\n<p>&nbsp;<\/p>\n","protected":false},"excerpt":{"rendered":"<p>&nbsp; VOC\u00ca TEM UMA RELA\u00c7\u00c3O DE EMPREGO OU UMA RELA\u00c7\u00c3O DE TRABALHO? &nbsp; \u00c9 comum o trabalhador n\u00e3o saber distinguir a rela\u00e7\u00e3o de emprego da rela\u00e7\u00e3o de trabalho, dada a similaridade das duas figuras, por\u00e9m, s\u00e3o rela\u00e7\u00f5es diferentes e compreender a diferen\u00e7a entre esses dois termos \u00e9 fundamental pois somente as rela\u00e7\u00f5es de emprego s\u00e3o [&hellip;]<\/p>\n","protected":false},"author":1,"featured_media":1484,"comment_status":"open","ping_status":"open","sticky":false,"template":"","format":"standard","meta":{"_et_pb_use_builder":"","_et_pb_old_content":"","_et_gb_content_width":"","om_disable_all_campaigns":false,"_monsterinsights_skip_tracking":false,"_monsterinsights_sitenote_active":false,"_monsterinsights_sitenote_note":"","_monsterinsights_sitenote_category":0,"footnotes":""},"categories":[1],"tags":[],"class_list":["post-1481","post","type-post","status-publish","format-standard","has-post-thumbnail","hentry","category-noticias"],"aioseo_notices":[],"_links":{"self":[{"href":"https:\/\/galdinosantos.com.br\/site\/wp-json\/wp\/v2\/posts\/1481","targetHints":{"allow":["GET"]}}],"collection":[{"href":"https:\/\/galdinosantos.com.br\/site\/wp-json\/wp\/v2\/posts"}],"about":[{"href":"https:\/\/galdinosantos.com.br\/site\/wp-json\/wp\/v2\/types\/post"}],"author":[{"embeddable":true,"href":"https:\/\/galdinosantos.com.br\/site\/wp-json\/wp\/v2\/users\/1"}],"replies":[{"embeddable":true,"href":"https:\/\/galdinosantos.com.br\/site\/wp-json\/wp\/v2\/comments?post=1481"}],"version-history":[{"count":1,"href":"https:\/\/galdinosantos.com.br\/site\/wp-json\/wp\/v2\/posts\/1481\/revisions"}],"predecessor-version":[{"id":1485,"href":"https:\/\/galdinosantos.com.br\/site\/wp-json\/wp\/v2\/posts\/1481\/revisions\/1485"}],"wp:featuredmedia":[{"embeddable":true,"href":"https:\/\/galdinosantos.com.br\/site\/wp-json\/wp\/v2\/media\/1484"}],"wp:attachment":[{"href":"https:\/\/galdinosantos.com.br\/site\/wp-json\/wp\/v2\/media?parent=1481"}],"wp:term":[{"taxonomy":"category","embeddable":true,"href":"https:\/\/galdinosantos.com.br\/site\/wp-json\/wp\/v2\/categories?post=1481"},{"taxonomy":"post_tag","embeddable":true,"href":"https:\/\/galdinosantos.com.br\/site\/wp-json\/wp\/v2\/tags?post=1481"}],"curies":[{"name":"wp","href":"https:\/\/api.w.org\/{rel}","templated":true}]}}