{"id":1459,"date":"2021-04-09T10:27:27","date_gmt":"2021-04-09T13:27:27","guid":{"rendered":"https:\/\/galdinosantos.com.br\/site\/?p=1459"},"modified":"2021-04-09T10:27:27","modified_gmt":"2021-04-09T13:27:27","slug":"preciso-me-isolar-porque-alguem-na-minha-casa-pegou-covid-essa-falta-e-justificada","status":"publish","type":"post","link":"https:\/\/galdinosantos.com.br\/site\/preciso-me-isolar-porque-alguem-na-minha-casa-pegou-covid-essa-falta-e-justificada\/","title":{"rendered":"Preciso me isolar porque algu\u00e9m na minha casa pegou covid. Essa falta \u00e9 justificada?"},"content":{"rendered":"<p><span style=\"font-weight: 400;\">Quando o trabalhador \u00e9 diagnosticado com covid-19 ou com sintomas e apresentar atestado m\u00e9dico, as empresas pagam os dias de afastamento em raz\u00e3o da falta justificada, mas o mesmo n\u00e3o acontece quanto o trabalhador e levado a ficar em isolamento domiciliar em raz\u00e3o de um dos moradores ser diagnosticado com os sintomas ou com o covid-19.<\/span><\/p>\n<p>&nbsp;<\/p>\n<p><span style=\"font-weight: 400;\">Esse trabalhador isolado e sem atestado em seu nome n\u00e3o pode sofre preju\u00edzo no seu sal\u00e1rio, uma vez que sua falta tamb\u00e9m \u00e9 considerada justificada.<\/span><\/p>\n<p><span style=\"font-weight: 400;\">A Portaria do Minist\u00e9rio da Sa\u00fade n\u00ba 454\/2020, prev\u00ea que o atestado emitido pelo profissional m\u00e9dico que determina a medida de isolamento <\/span><b>ser\u00e1 estendido \u00e0s pessoas que residam no mesmo endere\u00e7o<\/b><span style=\"font-weight: 400;\">, para todos os fins, incluindo o disposto no \u00a73\u00ba, do art. 3\u00ba, da Lei n\u00ba 13.979\/2020, ou seja, <\/span><i><span style=\"font-weight: 400;\">\u201cSer\u00e1 considerado falta justificada ao servi\u00e7o p\u00fablico ou \u00e0 atividade laboral privada o per\u00edodo de aus\u00eancia decorrente das medidas previstas neste artigo.\u201d<\/span><\/i><\/p>\n<p>&nbsp;<\/p>\n<p><span style=\"font-weight: 400;\">A Lei 13979\/2020, disp\u00f5e sobre as medidas para enfrentamento do coronav\u00edrus.<\/span><\/p>\n<p><strong>Leia tamb\u00e9m:\u00a0<\/strong><\/p>\n<p><strong><a href=\"https:\/\/galdinosantos.com.br\/site\/feriados-antecipados-durante-a-pandemia-vou-precisar-trabalhar\/\">Feriados antecipados durante a pandemia: vou precisar trabalhar?<\/a><\/strong><\/p>\n<p><span style=\"font-weight: 400;\">Portanto, ser\u00e1 considerada falta justificada ao trabalho, pelo per\u00edodo m\u00e1ximo de 14 dias, o afastamento do empregado em decorr\u00eancia da medida de isolamento domiciliar quando um dos moradores tiver atestado m\u00e9dico.<\/span><\/p>\n<p><span style=\"font-weight: 400;\">Saliente-se que para a emiss\u00e3o dos atestados m\u00e9dicos de isolamento domiciliar \u00e9 dever da pessoa sintom\u00e1tica informar ao m\u00e9dico o nome completo das demais pessoas que residam no mesmo endere\u00e7o, sujeitando-se \u00e0 responsabiliza\u00e7\u00e3o civil e criminal pela omiss\u00e3o de fato ou presta\u00e7\u00e3o de informa\u00e7\u00f5es falsas.<\/span><\/p>\n<p><span style=\"font-weight: 400;\">Fique atento e busque conhecer seus direitos!<\/span><\/p>\n<p><strong>Leia tamb\u00e9m:<\/strong><\/p>\n<p><strong><a href=\"https:\/\/galdinosantos.com.br\/site\/home-office-pos-pademia\/\">Home Office p\u00f3s pandemia<\/a><\/strong><\/p>\n<p>Possui d\u00favidas trabalhistas? Fale com a Dra. Eliane agora no Whatsapp <a href=\"https:\/\/api.whatsapp.com\/send?phone=5519984205540\">clique aqui<\/a>:<\/p>\n","protected":false},"excerpt":{"rendered":"<p>Quando o trabalhador \u00e9 diagnosticado com covid-19 ou com sintomas e apresentar atestado m\u00e9dico, as empresas pagam os dias de afastamento em raz\u00e3o da falta justificada, mas o mesmo n\u00e3o acontece quanto o trabalhador e levado a ficar em isolamento domiciliar em raz\u00e3o de um dos moradores ser diagnosticado com os sintomas ou com o [&hellip;]<\/p>\n","protected":false},"author":1,"featured_media":1460,"comment_status":"open","ping_status":"open","sticky":false,"template":"","format":"standard","meta":{"_et_pb_use_builder":"","_et_pb_old_content":"","_et_gb_content_width":"","om_disable_all_campaigns":false,"_monsterinsights_skip_tracking":false,"_monsterinsights_sitenote_active":false,"_monsterinsights_sitenote_note":"","_monsterinsights_sitenote_category":0,"footnotes":""},"categories":[1],"tags":[],"class_list":["post-1459","post","type-post","status-publish","format-standard","has-post-thumbnail","hentry","category-noticias"],"aioseo_notices":[],"_links":{"self":[{"href":"https:\/\/galdinosantos.com.br\/site\/wp-json\/wp\/v2\/posts\/1459","targetHints":{"allow":["GET"]}}],"collection":[{"href":"https:\/\/galdinosantos.com.br\/site\/wp-json\/wp\/v2\/posts"}],"about":[{"href":"https:\/\/galdinosantos.com.br\/site\/wp-json\/wp\/v2\/types\/post"}],"author":[{"embeddable":true,"href":"https:\/\/galdinosantos.com.br\/site\/wp-json\/wp\/v2\/users\/1"}],"replies":[{"embeddable":true,"href":"https:\/\/galdinosantos.com.br\/site\/wp-json\/wp\/v2\/comments?post=1459"}],"version-history":[{"count":2,"href":"https:\/\/galdinosantos.com.br\/site\/wp-json\/wp\/v2\/posts\/1459\/revisions"}],"predecessor-version":[{"id":1462,"href":"https:\/\/galdinosantos.com.br\/site\/wp-json\/wp\/v2\/posts\/1459\/revisions\/1462"}],"wp:featuredmedia":[{"embeddable":true,"href":"https:\/\/galdinosantos.com.br\/site\/wp-json\/wp\/v2\/media\/1460"}],"wp:attachment":[{"href":"https:\/\/galdinosantos.com.br\/site\/wp-json\/wp\/v2\/media?parent=1459"}],"wp:term":[{"taxonomy":"category","embeddable":true,"href":"https:\/\/galdinosantos.com.br\/site\/wp-json\/wp\/v2\/categories?post=1459"},{"taxonomy":"post_tag","embeddable":true,"href":"https:\/\/galdinosantos.com.br\/site\/wp-json\/wp\/v2\/tags?post=1459"}],"curies":[{"name":"wp","href":"https:\/\/api.w.org\/{rel}","templated":true}]}}