{"id":1454,"date":"2021-03-25T15:01:31","date_gmt":"2021-03-25T18:01:31","guid":{"rendered":"https:\/\/galdinosantos.com.br\/site\/?p=1454"},"modified":"2021-04-16T09:02:44","modified_gmt":"2021-04-16T12:02:44","slug":"feriados-antecipados-durante-a-pandemia-vou-precisar-trabalhar","status":"publish","type":"post","link":"https:\/\/galdinosantos.com.br\/site\/feriados-antecipados-durante-a-pandemia-vou-precisar-trabalhar\/","title":{"rendered":"Feriados antecipados durante a pandemia: vou precisar trabalhar?"},"content":{"rendered":"<p><span style=\"font-weight: 400;\">O agravamento da pandemia do coronav\u00edrus preocupa e para evitar aglomera\u00e7\u00f5es e reduzir as taxas de contamina\u00e7\u00e3o munic\u00edpios por todo o Brasil est\u00e3o antecipando feriados na tentativa de fazer com as pessoas fiquem em casa<\/span><b>.<\/b><\/p>\n<p><span style=\"font-weight: 400;\">A antecipa\u00e7\u00e3o de feriados tem gerado muitos questionamentos dos empregadores e trabalhadores, alguns os quais vamos esclarecer aqui.<\/span><\/p>\n<p><span style=\"font-weight: 400;\">Primeiramente, nem todos os munic\u00edpios anteciparam os feriados e nem todas as empresas deixam de operar s\u00f3 porque \u00e9 feriado, esse \u00e9 o caso das empresas que prestam servi\u00e7os essenciais que n\u00e3o podem parar.<\/span><\/p>\n<p><span style=\"font-weight: 400;\">Portanto, antes de se questionar se deve ou n\u00e3o trabalhar no feriado antecipado, o trabalhador deve checar se o munic\u00edpio onde presta servi\u00e7os antecipou o feriado.<\/span><\/p>\n<p><span style=\"font-weight: 400;\">Importante, lembrar que n\u00e3o \u00e9 vedado trabalhar no feriado e <\/span><b>trabalhar ou n\u00e3o no feriado antecipado vai depender se a empresa atua em atividades essenciais<\/b> <b>e se ela precisa funcionar no feriado<\/b><span style=\"font-weight: 400;\">, neste caso se funcion\u00e1rio deve trabalhar, salvo se a empresa o liberar.<\/span><\/p>\n<p><span style=\"font-weight: 400;\">Sendo necess\u00e1rio trabalhar durante os feriados antecipados as empresas podem optar por pagar em dobro pelas horas trabalhadas, oferecer uma folga compensat\u00f3ria ou incluir esses dias em um banco de horas, inclusive para os empregados que est\u00e3o trabalhando em home-office.<\/span><\/p>\n<p><span style=\"font-weight: 400;\">Vale lembrar que com o decreto municipal, os feriados antecipados deixam de existir em suas datas originais, passando a ser dia \u00fatil normal, inclusive para quem n\u00e3o estava empregado na \u00e9poca da antecipa\u00e7\u00e3o do feriado.<\/span><\/p>\n<p><span style=\"font-weight: 400;\">Fique atento e busque conhecer seus direitos!<\/span><\/p>\n<p>&nbsp;<\/p>\n<p><b>Leia tamb\u00e9m:<\/b><\/p>\n<p><a href=\"https:\/\/galdinosantos.com.br\/site\/fgts-o-que-o-trabalhador-precisa-saber\/\"><b>FGTS \u2013 O QUE O TRABALHADOR PRECISA SABER<\/b><\/a><\/p>\n","protected":false},"excerpt":{"rendered":"<p>O agravamento da pandemia do coronav\u00edrus preocupa e para evitar aglomera\u00e7\u00f5es e reduzir as taxas de contamina\u00e7\u00e3o munic\u00edpios por todo o Brasil est\u00e3o antecipando feriados na tentativa de fazer com as pessoas fiquem em casa. A antecipa\u00e7\u00e3o de feriados tem gerado muitos questionamentos dos empregadores e trabalhadores, alguns os quais vamos esclarecer aqui. Primeiramente, nem [&hellip;]<\/p>\n","protected":false},"author":1,"featured_media":1455,"comment_status":"open","ping_status":"open","sticky":false,"template":"","format":"standard","meta":{"_et_pb_use_builder":"","_et_pb_old_content":"","_et_gb_content_width":"","om_disable_all_campaigns":false,"_monsterinsights_skip_tracking":false,"_monsterinsights_sitenote_active":false,"_monsterinsights_sitenote_note":"","_monsterinsights_sitenote_category":0,"footnotes":""},"categories":[1],"tags":[],"class_list":["post-1454","post","type-post","status-publish","format-standard","has-post-thumbnail","hentry","category-noticias"],"aioseo_notices":[],"_links":{"self":[{"href":"https:\/\/galdinosantos.com.br\/site\/wp-json\/wp\/v2\/posts\/1454","targetHints":{"allow":["GET"]}}],"collection":[{"href":"https:\/\/galdinosantos.com.br\/site\/wp-json\/wp\/v2\/posts"}],"about":[{"href":"https:\/\/galdinosantos.com.br\/site\/wp-json\/wp\/v2\/types\/post"}],"author":[{"embeddable":true,"href":"https:\/\/galdinosantos.com.br\/site\/wp-json\/wp\/v2\/users\/1"}],"replies":[{"embeddable":true,"href":"https:\/\/galdinosantos.com.br\/site\/wp-json\/wp\/v2\/comments?post=1454"}],"version-history":[{"count":3,"href":"https:\/\/galdinosantos.com.br\/site\/wp-json\/wp\/v2\/posts\/1454\/revisions"}],"predecessor-version":[{"id":1464,"href":"https:\/\/galdinosantos.com.br\/site\/wp-json\/wp\/v2\/posts\/1454\/revisions\/1464"}],"wp:featuredmedia":[{"embeddable":true,"href":"https:\/\/galdinosantos.com.br\/site\/wp-json\/wp\/v2\/media\/1455"}],"wp:attachment":[{"href":"https:\/\/galdinosantos.com.br\/site\/wp-json\/wp\/v2\/media?parent=1454"}],"wp:term":[{"taxonomy":"category","embeddable":true,"href":"https:\/\/galdinosantos.com.br\/site\/wp-json\/wp\/v2\/categories?post=1454"},{"taxonomy":"post_tag","embeddable":true,"href":"https:\/\/galdinosantos.com.br\/site\/wp-json\/wp\/v2\/tags?post=1454"}],"curies":[{"name":"wp","href":"https:\/\/api.w.org\/{rel}","templated":true}]}}