{"id":1449,"date":"2021-03-15T10:30:21","date_gmt":"2021-03-15T13:30:21","guid":{"rendered":"https:\/\/galdinosantos.com.br\/site\/?p=1449"},"modified":"2021-04-16T09:04:52","modified_gmt":"2021-04-16T12:04:52","slug":"o-trabalhador-pode-receber-menos-que-um-salario-minimo","status":"publish","type":"post","link":"https:\/\/galdinosantos.com.br\/site\/o-trabalhador-pode-receber-menos-que-um-salario-minimo\/","title":{"rendered":"O trabalhador pode receber menos que um sal\u00e1rio m\u00ednimo?"},"content":{"rendered":"<p><span style=\"font-weight: 400;\">Voc\u00ea sabia que o sal\u00e1rio m\u00ednimo nacional \u00e9 um direito fundamental do trabalhador garantido na CF\/88 e visa suprir \u00e0s necessidades b\u00e1sicas como habita\u00e7\u00e3o, alimenta\u00e7\u00e3o, educa\u00e7\u00e3o, sa\u00fade, lazer, vestu\u00e1rio, higiene, transporte e previd\u00eancia social?<\/span><\/p>\n<p><span style=\"font-weight: 400;\">N\u00e3o? Mas tenho certeza que voc\u00ea sabe que o sal\u00e1rio m\u00ednimo nacional, infelizmente, n\u00e3o garante sequer habita\u00e7\u00e3o e alimenta\u00e7\u00e3o.<\/span><\/p>\n<p><span style=\"font-weight: 400;\">Fato \u00e9 que muitos brasileiros vivem com um sal\u00e1rio m\u00ednimo. Sabe Deus como!<\/span><\/p>\n<p><span style=\"font-weight: 400;\">Mas, o trabalhador pode receber menos que o sal\u00e1rio m\u00ednimo?\u00a0<\/span><\/p>\n<p><span style=\"font-weight: 400;\">Depende, porque o pagamento do sal\u00e1rio m\u00ednimo est\u00e1 vinculado ao cumprimento da jornada de trabalho de <\/span><span style=\"font-weight: 400;\">8 (oito) horas di\u00e1rias e 44 (quarenta e quatro) horas semanais, <\/span><span style=\"font-weight: 400;\">prevista na CF\/88.<\/span><\/p>\n<p><span style=\"font-weight: 400;\">Portanto, o trabalhador que cumpre a jornada prevista na CF\/88 n\u00e3o pode ganhar menos que o sal\u00e1rio m\u00ednimo.<\/span><\/p>\n<p><span style=\"font-weight: 400;\">J\u00e1 o trabalhador que cumprir jornada menor que a prevista na CF\/88 pode ganhar menos que o sal\u00e1rio m\u00ednimo, \u00e9 o caso dos trabalhadores em tempo parcial com sal\u00e1rio <\/span><span style=\"font-weight: 400;\">proporcional \u00e0 sua jornada.<\/span><\/p>\n<p><span style=\"font-weight: 400;\">O trabalhador com contrato intermitente tamb\u00e9m pode ganhar menos que o sal\u00e1rio m\u00ednimo ou n\u00e3o pois sua remunera\u00e7\u00e3o \u00e9 proporcional as horas efetivamente trabalhadas.<\/span><\/p>\n<p><span style=\"font-weight: 400;\">\u00c9 importante alertar que o INSS n\u00e3o reconhece para fins de tempo de contribui\u00e7\u00e3o as contribui\u00e7\u00f5es recolhidas sobre valor inferior ao sal\u00e1rio m\u00ednimo. Anotou?<\/span><\/p>\n<p><span style=\"font-weight: 400;\">Outra dica importante sobre o sal\u00e1rio m\u00ednimo \u00e9 que no Brasil <\/span><span style=\"font-weight: 400;\">os Estados e o Distrito Federal podem instituir um piso salarial estadual diferente do nacional, e o empregador deve observar o piso de maior valor.<\/span><\/p>\n<p><span style=\"font-weight: 400;\">Procure saber se o seu Estado tem piso sal\u00e1rio estadual porque esse costuma ser maior que o m\u00ednimo nacional.<\/span><\/p>\n<p><span style=\"font-weight: 400;\">Anotou a dicas?<\/span><\/p>\n<p><span style=\"font-weight: 400;\">Fique atento e busque conhecer seus direitos!<\/span><\/p>\n<p>&nbsp;<\/p>\n<p><b>Leia tamb\u00e9m:\u00a0<\/b><\/p>\n<p><a href=\"https:\/\/galdinosantos.com.br\/site\/feriados-antecipados-durante-a-pandemia-vou-precisar-trabalhar\/\"><b>Feriados antecipados durante a pandemia: vou precisar trabalhar?<\/b><\/a><\/p>\n","protected":false},"excerpt":{"rendered":"<p>Voc\u00ea sabia que o sal\u00e1rio m\u00ednimo nacional \u00e9 um direito fundamental do trabalhador garantido na CF\/88 e visa suprir \u00e0s necessidades b\u00e1sicas como habita\u00e7\u00e3o, alimenta\u00e7\u00e3o, educa\u00e7\u00e3o, sa\u00fade, lazer, vestu\u00e1rio, higiene, transporte e previd\u00eancia social? N\u00e3o? Mas tenho certeza que voc\u00ea sabe que o sal\u00e1rio m\u00ednimo nacional, infelizmente, n\u00e3o garante sequer habita\u00e7\u00e3o e alimenta\u00e7\u00e3o. Fato \u00e9 [&hellip;]<\/p>\n","protected":false},"author":1,"featured_media":1450,"comment_status":"open","ping_status":"open","sticky":false,"template":"","format":"standard","meta":{"_et_pb_use_builder":"","_et_pb_old_content":"","_et_gb_content_width":"","om_disable_all_campaigns":false,"_monsterinsights_skip_tracking":false,"_monsterinsights_sitenote_active":false,"_monsterinsights_sitenote_note":"","_monsterinsights_sitenote_category":0,"footnotes":""},"categories":[1],"tags":[],"class_list":["post-1449","post","type-post","status-publish","format-standard","has-post-thumbnail","hentry","category-noticias"],"aioseo_notices":[],"_links":{"self":[{"href":"https:\/\/galdinosantos.com.br\/site\/wp-json\/wp\/v2\/posts\/1449","targetHints":{"allow":["GET"]}}],"collection":[{"href":"https:\/\/galdinosantos.com.br\/site\/wp-json\/wp\/v2\/posts"}],"about":[{"href":"https:\/\/galdinosantos.com.br\/site\/wp-json\/wp\/v2\/types\/post"}],"author":[{"embeddable":true,"href":"https:\/\/galdinosantos.com.br\/site\/wp-json\/wp\/v2\/users\/1"}],"replies":[{"embeddable":true,"href":"https:\/\/galdinosantos.com.br\/site\/wp-json\/wp\/v2\/comments?post=1449"}],"version-history":[{"count":2,"href":"https:\/\/galdinosantos.com.br\/site\/wp-json\/wp\/v2\/posts\/1449\/revisions"}],"predecessor-version":[{"id":1465,"href":"https:\/\/galdinosantos.com.br\/site\/wp-json\/wp\/v2\/posts\/1449\/revisions\/1465"}],"wp:featuredmedia":[{"embeddable":true,"href":"https:\/\/galdinosantos.com.br\/site\/wp-json\/wp\/v2\/media\/1450"}],"wp:attachment":[{"href":"https:\/\/galdinosantos.com.br\/site\/wp-json\/wp\/v2\/media?parent=1449"}],"wp:term":[{"taxonomy":"category","embeddable":true,"href":"https:\/\/galdinosantos.com.br\/site\/wp-json\/wp\/v2\/categories?post=1449"},{"taxonomy":"post_tag","embeddable":true,"href":"https:\/\/galdinosantos.com.br\/site\/wp-json\/wp\/v2\/tags?post=1449"}],"curies":[{"name":"wp","href":"https:\/\/api.w.org\/{rel}","templated":true}]}}