{"id":1416,"date":"2020-12-21T14:44:29","date_gmt":"2020-12-21T17:44:29","guid":{"rendered":"https:\/\/galdinosantos.com.br\/site\/?p=1416"},"modified":"2020-12-21T14:44:29","modified_gmt":"2020-12-21T17:44:29","slug":"empregado-nao-pode-ser-contratado-como-pessoa-juridica","status":"publish","type":"post","link":"https:\/\/galdinosantos.com.br\/site\/empregado-nao-pode-ser-contratado-como-pessoa-juridica\/","title":{"rendered":"Empregado n\u00e3o pode ser contratado como pessoa jur\u00eddica"},"content":{"rendered":"<p><span style=\"font-weight: 400;\">Voc\u00ea foi contratado como pessoa jur\u00eddica mas leva vida de empregado? Recebe ordens, cumpre jornada, se faltar ao trabalho tem que justificar sob pena de n\u00e3o receber o dia de servi\u00e7o e n\u00e3o pode mandar algu\u00e9m no seu lugar? Quando chega o natal nada de 13\u00ba porque \u201cvoc\u00ea \u00e9 pessoa jur\u00eddica\u201d? Tirar f\u00e9rias s\u00f3 por sua conta e risco e todo m\u00eas emite nota fiscal para receber o sal\u00e1rio?<\/span><\/p>\n<p><span style=\"font-weight: 400;\">Se esse \u00e9 o seu caso ou de algu\u00e9m que voc\u00ea conhe\u00e7a, anota a\u00ed! <\/span><b>Voc\u00ea \u00e9 empregado e empregado n\u00e3o pode ser pessoa jur\u00eddica!<\/b><\/p>\n<p><span style=\"font-weight: 400;\">Vale dizer que a contrata\u00e7\u00e3o de uma pessoa jur\u00eddica prestadora de servi\u00e7os \u00e9 absolutamente legal, por\u00e9m, quando \u00e9 usada com a finalidade de mascarar a rela\u00e7\u00e3o de emprego torna-se ilegal, <\/span><span style=\"font-weight: 400;\">\u00e9 a chamada pejotiza\u00e7\u00e3o que nada mais \u00e9 do que a fraude na contrata\u00e7\u00e3o do empregado, uma forma utilizada para burlar a legisla\u00e7\u00e3o do trabalho, seus encargos e os direitos do trabalhador.<\/span><\/p>\n<h2><strong>Empregado n\u00e3o pode ser contratado como pessoa jur\u00eddica<\/strong><\/h2>\n<p><span style=\"font-weight: 400;\">Portanto, o que distingue o empregado da pessoa jur\u00eddica \u00e9 a realidade f\u00e1tica vivenciada pelo trabalhador contratado como pessoa jur\u00eddica, se essa realidade preenche os requisitos legais do v\u00ednculo de emprego, pessoalidade, habitualidade, subordina\u00e7\u00e3o e onerosidade de forma <\/span><span style=\"font-weight: 400;\">cumulativa<\/span><span style=\"font-weight: 400;\">, estamos diante da fraude na contrata\u00e7\u00e3o sob a roupagem de pessoa jur\u00eddica e fica caracterizado o v\u00ednculo de emprego.<\/span><\/p>\n<p><span style=\"font-weight: 400;\">A CLT em seu artigo 3\u00ba da CLT, traz o conceito de empregado: \u201c<\/span><i><span style=\"font-weight: 400;\">Considera-se empregado toda pessoa f\u00edsica que prestar servi\u00e7os de natureza n\u00e3o eventual a empregador, sob a depend\u00eancia deste e mediante sal\u00e1rio.<\/span><\/i><i><span style=\"font-weight: 400;\">\u201d<\/span><\/i><\/p>\n<p><span style=\"font-weight: 400;\">Da disposi\u00e7\u00e3o legal extrai-se os requisitos legais para que se tenha o v\u00ednculo de emprego, requisitos esse cumulativos, ou seja, todos os requisitos precisam estar presente no caso concreto para seja configura o v\u00ednculo de emprego.<\/span><\/p>\n<p><span style=\"font-weight: 400;\">Os requisitos legais para caracteriza\u00e7\u00e3o do v\u00ednculo de emprego s\u00e3o:<\/span><span style=\"font-weight: 400;\"> pessoalidade, n\u00e3o eventualidade (habitualidade), subordina\u00e7\u00e3o e onerosidade.<\/span><\/p>\n<p><span style=\"font-weight: 400;\">Vamos entender os requisitos legais?<\/span><\/p>\n<p><span style=\"font-weight: 400;\">A <\/span><b>pessoalidade<\/b><span style=\"font-weight: 400;\"> significa que o empregado e somente ele pode prestar o servi\u00e7o contratado, n\u00e3o pode se fazer substituir, ou seja, n\u00e3o pode enviar algu\u00e9m no seu lugar.<\/span><\/p>\n<p><span style=\"font-weight: 400;\">A <\/span><b>n\u00e3o eventualidade<\/b><span style=\"font-weight: 400;\"> significa que o servi\u00e7o deve ser prestado de forma habitual, ou seja, de forma continua o que se configura pela continuidade da rela\u00e7\u00e3o de emprego e n\u00e3o se o trabalho era prestado de segunda a sexta, duas vezes por semana ou dia sim dia n\u00e3o.<\/span><\/p>\n<p><span style=\"font-weight: 400;\">Somente na rela\u00e7\u00e3o de emprego no \u00e2mbito dom\u00e9stico h\u00e1 previs\u00e3o legal que para a caracteriza\u00e7\u00e3o do v\u00ednculo de emprego o trabalho deve ser prestado por mais de dois dias por semana (artigo 1\u00ba da Lei 150\/2015).<\/span><\/p>\n<p><span style=\"font-weight: 400;\">A <\/span><b>subordina\u00e7\u00e3o<\/b><span style=\"font-weight: 400;\">, por sua vez, se caracteriza pelo recebimento de ordens, ou seja, o empregado tem um superior hier\u00e1rquico, o chefe do qual recebe ordens, tem suas atividades direcionadas, coordenadas, monitora, presta conta de seus atos enfim todas as minucias inerentes a subordina\u00e7\u00e3o no ambiente de trabalho.<\/span><\/p>\n<p><span style=\"font-weight: 400;\">J\u00e1 a <\/span><b>onerosidade<\/b><span style=\"font-weight: 400;\"> caracteriza-se pela remunera\u00e7\u00e3o recebida pelo empregado em raz\u00e3o do servi\u00e7o prestado \u00e9 a contrapresta\u00e7\u00e3o pelo trabalho prestado.<\/span><\/p>\n<p><span style=\"font-weight: 400;\">O empregado contratado sob a roupagem de pessoa jur\u00eddica n\u00e3o recebe <\/span><span style=\"font-weight: 400;\">d\u00e9cimo terceiro, f\u00e9rias, aviso pr\u00e9vio, horas extras, adicional noturno, vale-transporte, plano de sa\u00fade, alimenta\u00e7\u00e3o, etc, nem os benef\u00edcios previstos nas conven\u00e7\u00f5es coletivas ou acordos coletivos da sua categoria, inclusive reajustes salariais.<\/span><\/p>\n<p><span style=\"font-weight: 400;\">Al\u00e9m de suportar a viola\u00e7\u00e3o dos seus direitos trabalhistas \u00e9<\/span><span style=\"font-weight: 400;\"> exclu\u00eddo dos programas do governo como o de seguro desemprego e FGTS entre outros e fica obrigado a cumprir obriga\u00e7\u00f5es legais da pessoa jur\u00eddica arcando com os custos de encargos sociais e fiscais entre outros, como contratar um contador.<\/span><\/p>\n<p><span style=\"font-weight: 400;\">Enfim, aquele que se prop\u00f5e a prestar servi\u00e7os como pessoa jur\u00eddica deve buscar entender todos os \u00f4nus dessa forma de contrata\u00e7\u00e3o e se realmente ser\u00e1 uma contrata\u00e7\u00e3o legal de pessoa jur\u00eddica ou se est\u00e1 sendo submetido a uma contrata\u00e7\u00e3o fraudulenta com o prop\u00f3sito de fraudar seus direitos.<\/span><\/p>\n<p><span style=\"font-weight: 400;\">Fique atento!<\/span><\/p>\n<p><span style=\"font-weight: 400;\">Ainda tem d\u00favidas? Estamos a disposi\u00e7\u00e3o para esclarec\u00ea-las.<\/span><\/p>\n<p>&nbsp;<\/p>\n","protected":false},"excerpt":{"rendered":"<p>Voc\u00ea foi contratado como pessoa jur\u00eddica mas leva vida de empregado? Recebe ordens, cumpre jornada, se faltar ao trabalho tem que justificar sob pena de n\u00e3o receber o dia de servi\u00e7o e n\u00e3o pode mandar algu\u00e9m no seu lugar? Quando chega o natal nada de 13\u00ba porque \u201cvoc\u00ea \u00e9 pessoa jur\u00eddica\u201d? Tirar f\u00e9rias s\u00f3 por [&hellip;]<\/p>\n","protected":false},"author":1,"featured_media":1417,"comment_status":"open","ping_status":"open","sticky":false,"template":"","format":"standard","meta":{"_et_pb_use_builder":"","_et_pb_old_content":"","_et_gb_content_width":"","om_disable_all_campaigns":false,"_monsterinsights_skip_tracking":false,"_monsterinsights_sitenote_active":false,"_monsterinsights_sitenote_note":"","_monsterinsights_sitenote_category":0,"footnotes":""},"categories":[9,1],"tags":[],"class_list":["post-1416","post","type-post","status-publish","format-standard","has-post-thumbnail","hentry","category-artigos","category-noticias"],"aioseo_notices":[],"_links":{"self":[{"href":"https:\/\/galdinosantos.com.br\/site\/wp-json\/wp\/v2\/posts\/1416","targetHints":{"allow":["GET"]}}],"collection":[{"href":"https:\/\/galdinosantos.com.br\/site\/wp-json\/wp\/v2\/posts"}],"about":[{"href":"https:\/\/galdinosantos.com.br\/site\/wp-json\/wp\/v2\/types\/post"}],"author":[{"embeddable":true,"href":"https:\/\/galdinosantos.com.br\/site\/wp-json\/wp\/v2\/users\/1"}],"replies":[{"embeddable":true,"href":"https:\/\/galdinosantos.com.br\/site\/wp-json\/wp\/v2\/comments?post=1416"}],"version-history":[{"count":1,"href":"https:\/\/galdinosantos.com.br\/site\/wp-json\/wp\/v2\/posts\/1416\/revisions"}],"predecessor-version":[{"id":1418,"href":"https:\/\/galdinosantos.com.br\/site\/wp-json\/wp\/v2\/posts\/1416\/revisions\/1418"}],"wp:featuredmedia":[{"embeddable":true,"href":"https:\/\/galdinosantos.com.br\/site\/wp-json\/wp\/v2\/media\/1417"}],"wp:attachment":[{"href":"https:\/\/galdinosantos.com.br\/site\/wp-json\/wp\/v2\/media?parent=1416"}],"wp:term":[{"taxonomy":"category","embeddable":true,"href":"https:\/\/galdinosantos.com.br\/site\/wp-json\/wp\/v2\/categories?post=1416"},{"taxonomy":"post_tag","embeddable":true,"href":"https:\/\/galdinosantos.com.br\/site\/wp-json\/wp\/v2\/tags?post=1416"}],"curies":[{"name":"wp","href":"https:\/\/api.w.org\/{rel}","templated":true}]}}