{"id":1409,"date":"2020-11-19T07:30:15","date_gmt":"2020-11-19T10:30:15","guid":{"rendered":"https:\/\/galdinosantos.com.br\/site\/?p=1409"},"modified":"2021-04-16T09:07:32","modified_gmt":"2021-04-16T12:07:32","slug":"assedio-moral","status":"publish","type":"post","link":"https:\/\/galdinosantos.com.br\/site\/assedio-moral\/","title":{"rendered":"Ass\u00e9dio Moral, voc\u00ea sabe reconhecer?"},"content":{"rendered":"<p>Voc\u00ea sabe reconhecer o que \u00e9 ass\u00e9dio moral no ambiente de trabalho? &#x1f914;<br \/>\nN\u00e3o sabe? Ent\u00e3o vamos te ajudar a reconhecer uma situa\u00e7\u00e3o de ass\u00e9dio moral e agir diante dela.<\/p>\n<p>\u00c9 uma exposi\u00e7\u00e3o do trabalhador a situa\u00e7\u00f5es humilhantes ocorridas repetidamente no ambiente de trabalho, tais como coment\u00e1rios depreciativos, xingamentos, insultos, gritos, isolamento, esvaziamento de<br \/>\nfun\u00e7\u00e3o, puni\u00e7\u00f5es vexat\u00f3rias, discrimina\u00e7\u00e3o, entre outras com a inten\u00e7\u00e3o de prejudicar emocionalmente a v\u00edtima.<\/p>\n<p>\u00c9 uma forma de viol\u00eancia as vezes velada que interfere na vida pessoal e profissional do assediado, por tanto, podendo gerar danos a sua sa\u00fade e at\u00e9 incapacita-lo para o trabalho e para o conv\u00edvio social.<\/p>\n<p>Identificada a situa\u00e7\u00e3o de ass\u00e9dio moral a v\u00edtima deve reunir provas do ass\u00e9dio, principalmente prova testemunhal, sem preju\u00edzo das provas documentais, pois em sendo necess\u00e1rio acionar a justi\u00e7a caber\u00e1 a v\u00edtima provar suas alega\u00e7\u00f5es.<\/p>\n<p>Al\u00e9m de acionar a justi\u00e7a, a v\u00edtima deve denunciar o assediador a empresa, pois cabe a empresa lhe proporcionar um ambiente de trabalho saud\u00e1vel, acima de tudo instituindo pol\u00edticas de preven\u00e7\u00e3o e combate ao ass\u00e9dio moral.<\/p>\n<p>O TST tem um vasto material educativo sobre o assunto que inclui cartilhas e v\u00eddeos, dos quais fazem parte da campanha realizada: \u201cPare e Repare \u2013 Por um Ambiente de Trabalho Mais Positivo\u201d.<\/p>\n<p>&#x27a1;Acesse:\u00a0<a href=\"http:\/\/www.tst.jus.br\/documents\/10157\/55951\/Cartilha+ass%C3%A9dio+moral\/573490e3-a2dd-a598-d2a7-6d492e4b2457\">Cartilha TST<\/a><\/p>\n<p>Se voc\u00ea acredita que pode estar passando por uma situa\u00e7\u00e3o da qual voc\u00ea n\u00e3o tem certeza que se trata de um ass\u00e9dio moral, mas se sente desconfort\u00e1vel, aprender a reconhecer uma situa\u00e7\u00e3o de ass\u00e9dio \u00e9 essencial para decidir que atitude tomar diante da situa\u00e7\u00e3o.<\/p>\n<p>&nbsp;<\/p>\n<p><b>Leia tamb\u00e9m:<\/b><\/p>\n<p><a href=\"https:\/\/galdinosantos.com.br\/site\/fgts-o-que-o-trabalhador-precisa-saber\/\"><b>FGTS \u2013 O QUE O TRABALHADOR PRECISA SABER<\/b><\/a><\/p>\n","protected":false},"excerpt":{"rendered":"<p>Voc\u00ea sabe reconhecer o que \u00e9 ass\u00e9dio moral no ambiente de trabalho? &#x1f914; N\u00e3o sabe? Ent\u00e3o vamos te ajudar a reconhecer uma situa\u00e7\u00e3o de ass\u00e9dio moral e agir diante dela. \u00c9 uma exposi\u00e7\u00e3o do trabalhador a situa\u00e7\u00f5es humilhantes ocorridas repetidamente no ambiente de trabalho, tais como coment\u00e1rios depreciativos, xingamentos, insultos, gritos, isolamento, esvaziamento de fun\u00e7\u00e3o, [&hellip;]<\/p>\n","protected":false},"author":1,"featured_media":1410,"comment_status":"open","ping_status":"open","sticky":false,"template":"","format":"standard","meta":{"_et_pb_use_builder":"","_et_pb_old_content":"","_et_gb_content_width":"","om_disable_all_campaigns":false,"_monsterinsights_skip_tracking":false,"_monsterinsights_sitenote_active":false,"_monsterinsights_sitenote_note":"","_monsterinsights_sitenote_category":0,"footnotes":""},"categories":[1],"tags":[],"class_list":["post-1409","post","type-post","status-publish","format-standard","has-post-thumbnail","hentry","category-noticias"],"aioseo_notices":[],"_links":{"self":[{"href":"https:\/\/galdinosantos.com.br\/site\/wp-json\/wp\/v2\/posts\/1409","targetHints":{"allow":["GET"]}}],"collection":[{"href":"https:\/\/galdinosantos.com.br\/site\/wp-json\/wp\/v2\/posts"}],"about":[{"href":"https:\/\/galdinosantos.com.br\/site\/wp-json\/wp\/v2\/types\/post"}],"author":[{"embeddable":true,"href":"https:\/\/galdinosantos.com.br\/site\/wp-json\/wp\/v2\/users\/1"}],"replies":[{"embeddable":true,"href":"https:\/\/galdinosantos.com.br\/site\/wp-json\/wp\/v2\/comments?post=1409"}],"version-history":[{"count":2,"href":"https:\/\/galdinosantos.com.br\/site\/wp-json\/wp\/v2\/posts\/1409\/revisions"}],"predecessor-version":[{"id":1469,"href":"https:\/\/galdinosantos.com.br\/site\/wp-json\/wp\/v2\/posts\/1409\/revisions\/1469"}],"wp:featuredmedia":[{"embeddable":true,"href":"https:\/\/galdinosantos.com.br\/site\/wp-json\/wp\/v2\/media\/1410"}],"wp:attachment":[{"href":"https:\/\/galdinosantos.com.br\/site\/wp-json\/wp\/v2\/media?parent=1409"}],"wp:term":[{"taxonomy":"category","embeddable":true,"href":"https:\/\/galdinosantos.com.br\/site\/wp-json\/wp\/v2\/categories?post=1409"},{"taxonomy":"post_tag","embeddable":true,"href":"https:\/\/galdinosantos.com.br\/site\/wp-json\/wp\/v2\/tags?post=1409"}],"curies":[{"name":"wp","href":"https:\/\/api.w.org\/{rel}","templated":true}]}}